{"id":2169,"date":"2021-12-10T20:08:29","date_gmt":"2021-12-10T19:08:29","guid":{"rendered":"http:\/\/www.neuvysurleschemins.fr\/?p=2169"},"modified":"2021-12-11T15:41:32","modified_gmt":"2021-12-11T14:41:32","slug":"sauvegarder-le-patrimoine-culturel-avec-vincent-portier","status":"publish","type":"post","link":"https:\/\/www.neuvysurleschemins.fr\/index.php\/2021\/12\/10\/sauvegarder-le-patrimoine-culturel-avec-vincent-portier\/","title":{"rendered":"\u00ab\u00a0Sauvegarder le patrimoine culturel\u00a0\u00bb avec Vincent Portier"},"content":{"rendered":"\t\t<div data-elementor-type=\"wp-post\" data-elementor-id=\"2169\" class=\"elementor elementor-2169 elementor-bc-flex-widget\">\n\t\t\t\t\t\t<section class=\"elementor-section elementor-top-section elementor-element elementor-element-f8dc520 elementor-section-boxed elementor-section-height-default elementor-section-height-default\" data-id=\"f8dc520\" data-element_type=\"section\">\n\t\t\t\t\t\t<div class=\"elementor-container elementor-column-gap-default\">\n\t\t\t\t\t<div class=\"elementor-column elementor-col-50 elementor-top-column elementor-element elementor-element-c3d6e7e\" data-id=\"c3d6e7e\" data-element_type=\"column\">\n\t\t\t<div class=\"elementor-widget-wrap elementor-element-populated\">\n\t\t\t\t\t\t<div class=\"elementor-element elementor-element-1dcb7dd elementor-widget elementor-widget-image\" data-id=\"1dcb7dd\" data-element_type=\"widget\" data-widget_type=\"image.default\">\n\t\t\t\t<div class=\"elementor-widget-container\">\n\t\t\t\t\t\t\t\t\t\t\t\t\t\t\t<img fetchpriority=\"high\" decoding=\"async\" data-attachment-id=\"2172\" data-permalink=\"https:\/\/www.neuvysurleschemins.fr\/index.php\/2021\/12\/10\/sauvegarder-le-patrimoine-culturel-avec-vincent-portier\/sites-de-cluis-2\/\" data-orig-file=\"https:\/\/i0.wp.com\/www.neuvysurleschemins.fr\/wp-content\/uploads\/2021\/12\/sites-de-cluis-2.jpg?fit=1920%2C1080&amp;ssl=1\" data-orig-size=\"1920,1080\" data-comments-opened=\"1\" data-image-meta=\"{&quot;aperture&quot;:&quot;0&quot;,&quot;credit&quot;:&quot;&quot;,&quot;camera&quot;:&quot;&quot;,&quot;caption&quot;:&quot;&quot;,&quot;created_timestamp&quot;:&quot;0&quot;,&quot;copyright&quot;:&quot;&quot;,&quot;focal_length&quot;:&quot;0&quot;,&quot;iso&quot;:&quot;0&quot;,&quot;shutter_speed&quot;:&quot;0&quot;,&quot;title&quot;:&quot;&quot;,&quot;orientation&quot;:&quot;1&quot;}\" data-image-title=\"sites de cluis 2\" data-image-description=\"\" data-image-caption=\"\" data-medium-file=\"https:\/\/i0.wp.com\/www.neuvysurleschemins.fr\/wp-content\/uploads\/2021\/12\/sites-de-cluis-2.jpg?fit=300%2C169&amp;ssl=1\" data-large-file=\"https:\/\/i0.wp.com\/www.neuvysurleschemins.fr\/wp-content\/uploads\/2021\/12\/sites-de-cluis-2.jpg?fit=1024%2C576&amp;ssl=1\" tabindex=\"0\" role=\"button\" width=\"1024\" height=\"576\" src=\"https:\/\/i0.wp.com\/www.neuvysurleschemins.fr\/wp-content\/uploads\/2021\/12\/sites-de-cluis-2.jpg?fit=1024%2C576&amp;ssl=1\" class=\"attachment-large size-large wp-image-2172\" alt=\"\" srcset=\"https:\/\/i0.wp.com\/www.neuvysurleschemins.fr\/wp-content\/uploads\/2021\/12\/sites-de-cluis-2.jpg?w=1920&amp;ssl=1 1920w, https:\/\/i0.wp.com\/www.neuvysurleschemins.fr\/wp-content\/uploads\/2021\/12\/sites-de-cluis-2.jpg?resize=300%2C169&amp;ssl=1 300w, https:\/\/i0.wp.com\/www.neuvysurleschemins.fr\/wp-content\/uploads\/2021\/12\/sites-de-cluis-2.jpg?resize=768%2C432&amp;ssl=1 768w, https:\/\/i0.wp.com\/www.neuvysurleschemins.fr\/wp-content\/uploads\/2021\/12\/sites-de-cluis-2.jpg?resize=1024%2C576&amp;ssl=1 1024w, https:\/\/i0.wp.com\/www.neuvysurleschemins.fr\/wp-content\/uploads\/2021\/12\/sites-de-cluis-2.jpg?resize=750%2C422&amp;ssl=1 750w\" sizes=\"(max-width: 1024px) 100vw, 1024px\" data-attachment-id=\"2172\" data-permalink=\"https:\/\/www.neuvysurleschemins.fr\/index.php\/2021\/12\/10\/sauvegarder-le-patrimoine-culturel-avec-vincent-portier\/sites-de-cluis-2\/\" data-orig-file=\"https:\/\/i0.wp.com\/www.neuvysurleschemins.fr\/wp-content\/uploads\/2021\/12\/sites-de-cluis-2.jpg?fit=1920%2C1080&amp;ssl=1\" data-orig-size=\"1920,1080\" data-comments-opened=\"1\" data-image-meta=\"{&quot;aperture&quot;:&quot;0&quot;,&quot;credit&quot;:&quot;&quot;,&quot;camera&quot;:&quot;&quot;,&quot;caption&quot;:&quot;&quot;,&quot;created_timestamp&quot;:&quot;0&quot;,&quot;copyright&quot;:&quot;&quot;,&quot;focal_length&quot;:&quot;0&quot;,&quot;iso&quot;:&quot;0&quot;,&quot;shutter_speed&quot;:&quot;0&quot;,&quot;title&quot;:&quot;&quot;,&quot;orientation&quot;:&quot;1&quot;}\" data-image-title=\"sites de cluis 2\" data-image-description=\"\" data-image-caption=\"\" data-medium-file=\"https:\/\/i0.wp.com\/www.neuvysurleschemins.fr\/wp-content\/uploads\/2021\/12\/sites-de-cluis-2.jpg?fit=300%2C169&amp;ssl=1\" data-large-file=\"https:\/\/i0.wp.com\/www.neuvysurleschemins.fr\/wp-content\/uploads\/2021\/12\/sites-de-cluis-2.jpg?fit=1024%2C576&amp;ssl=1\" role=\"button\" \/>\t\t\t\t\t\t\t\t\t\t\t\t\t\t\t<\/div>\n\t\t\t\t<\/div>\n\t\t\t\t\t<\/div>\n\t\t<\/div>\n\t\t\t\t<div class=\"elementor-column elementor-col-50 elementor-top-column elementor-element elementor-element-ca9bf22\" data-id=\"ca9bf22\" data-element_type=\"column\">\n\t\t\t<div class=\"elementor-widget-wrap elementor-element-populated\">\n\t\t\t\t\t\t<div class=\"elementor-element elementor-element-48284aa elementor-widget elementor-widget-text-editor\" data-id=\"48284aa\" data-element_type=\"widget\" data-widget_type=\"text-editor.default\">\n\t\t\t\t<div class=\"elementor-widget-container\">\n\t\t\t\t\t\t\t\t\t<p>Apr\u00e8s Neuvy-Saint-S\u00e9pulchre et Mers-sur-Indre, c&rsquo;est \u00e0 Cluis que nous avons rencontr\u00e9 l&rsquo;association de Sauvegarde des Sites de Cluis et son pr\u00e9sident, Vincent Portier. Ensemble, nous avons \u00e9voqu\u00e9 <a href=\"http:\/\/www.neuvysurleschemins.fr\/index.php\/chemins-des-etoiles-2021\/\">l&rsquo;importance d&rsquo;animer la transmission du patrimoine culturel au sein des villages<\/a>, et en lien avec les autres associations locales. D\u00e9couvrez ci-dessous la forteresse de Cluis Dessous, inscrite aux monuments historiques, qui accueille de nombreuses animations culturelles et festives.\u00a0<\/p>\t\t\t\t\t\t\t\t<\/div>\n\t\t\t\t<\/div>\n\t\t\t\t\t<\/div>\n\t\t<\/div>\n\t\t\t\t\t<\/div>\n\t\t<\/section>\n\t\t\t\t<section class=\"elementor-section elementor-top-section elementor-element elementor-element-f028194 elementor-section-boxed elementor-section-height-default elementor-section-height-default\" data-id=\"f028194\" data-element_type=\"section\">\n\t\t\t\t\t\t<div class=\"elementor-container elementor-column-gap-default\">\n\t\t\t\t\t<div class=\"elementor-column elementor-col-100 elementor-top-column elementor-element elementor-element-487079a\" data-id=\"487079a\" data-element_type=\"column\">\n\t\t\t<div class=\"elementor-widget-wrap elementor-element-populated\">\n\t\t\t\t\t\t<div class=\"elementor-element elementor-element-ce02fef elementor-widget elementor-widget-spacer\" data-id=\"ce02fef\" data-element_type=\"widget\" data-widget_type=\"spacer.default\">\n\t\t\t\t<div class=\"elementor-widget-container\">\n\t\t\t\t\t\t\t<div class=\"elementor-spacer\">\n\t\t\t<div class=\"elementor-spacer-inner\"><\/div>\n\t\t<\/div>\n\t\t\t\t\t\t<\/div>\n\t\t\t\t<\/div>\n\t\t\t\t\t<\/div>\n\t\t<\/div>\n\t\t\t\t\t<\/div>\n\t\t<\/section>\n\t\t\t\t<section class=\"elementor-section elementor-top-section elementor-element elementor-element-f466d5f elementor-section-boxed elementor-section-height-default elementor-section-height-default\" data-id=\"f466d5f\" data-element_type=\"section\">\n\t\t\t\t\t\t<div class=\"elementor-container elementor-column-gap-default\">\n\t\t\t\t\t<div class=\"elementor-column elementor-col-100 elementor-top-column elementor-element elementor-element-3d3329b\" data-id=\"3d3329b\" data-element_type=\"column\">\n\t\t\t<div class=\"elementor-widget-wrap elementor-element-populated\">\n\t\t\t\t\t\t<div class=\"elementor-element elementor-element-d04257a elementor-widget elementor-widget-heading\" data-id=\"d04257a\" data-element_type=\"widget\" data-widget_type=\"heading.default\">\n\t\t\t\t<div class=\"elementor-widget-container\">\n\t\t\t\t\t<h2 class=\"elementor-heading-title elementor-size-default\">Faire vivre le patrimoine culturel de Cluis<\/h2>\t\t\t\t<\/div>\n\t\t\t\t<\/div>\n\t\t\t\t\t<\/div>\n\t\t<\/div>\n\t\t\t\t\t<\/div>\n\t\t<\/section>\n\t\t\t\t<section class=\"elementor-section elementor-top-section elementor-element elementor-element-acb7da5 elementor-section-boxed elementor-section-height-default elementor-section-height-default\" data-id=\"acb7da5\" data-element_type=\"section\">\n\t\t\t\t\t\t<div class=\"elementor-container elementor-column-gap-default\">\n\t\t\t\t\t<div class=\"elementor-column elementor-col-50 elementor-top-column elementor-element elementor-element-ae12492\" data-id=\"ae12492\" data-element_type=\"column\">\n\t\t\t<div class=\"elementor-widget-wrap elementor-element-populated\">\n\t\t\t\t\t\t<div class=\"elementor-element elementor-element-c9e6566 elementor-widget elementor-widget-text-editor\" data-id=\"c9e6566\" data-element_type=\"widget\" data-widget_type=\"text-editor.default\">\n\t\t\t\t<div class=\"elementor-widget-container\">\n\t\t\t\t\t\t\t\t\t<p>Lors de la pr\u00e9sentation de son association, Vincent nous a partag\u00e9 l&rsquo;importance partager sa passion pour l&rsquo;histoire de la forteresse de Cluis. Au XVe si\u00e8cle, ce ch\u00e2teau \u00e9tait le pr\u00e9f\u00e9r\u00e9 des Chauvigny, qui y passaient la moiti\u00e9 de l&rsquo;ann\u00e9e. Par ailleurs, les Chemins de Compostelle passent \u00e0 l&rsquo;int\u00e9rieur de la forteresse.<\/p>\t\t\t\t\t\t\t\t<\/div>\n\t\t\t\t<\/div>\n\t\t\t\t\t<\/div>\n\t\t<\/div>\n\t\t\t\t<div class=\"elementor-column elementor-col-50 elementor-top-column elementor-element elementor-element-ba1709d\" data-id=\"ba1709d\" data-element_type=\"column\">\n\t\t\t<div class=\"elementor-widget-wrap elementor-element-populated\">\n\t\t\t\t\t\t<div class=\"elementor-element elementor-element-681d10c elementor-widget elementor-widget-text-editor\" data-id=\"681d10c\" data-element_type=\"widget\" data-widget_type=\"text-editor.default\">\n\t\t\t\t<div class=\"elementor-widget-container\">\n\t\t\t\t\t\t\t\t\t<p>La commune de Cluis poss\u00e8de plusieurs sites historiques : un ch\u00e2teau du XV et XVIIe si\u00e8cle o\u00f9 nous nous sommes retrouv\u00e9s, une \u00e9glise du XIIe si\u00e8cle, une halle \u00e0 poteau du XVIIe si\u00e8cle, un ancien viaduc et la forteresse de Cluis-Dessous, que vous pouvez d\u00e9couvrir ci-dessous en vid\u00e9o.<\/p>\t\t\t\t\t\t\t\t<\/div>\n\t\t\t\t<\/div>\n\t\t\t\t\t<\/div>\n\t\t<\/div>\n\t\t\t\t\t<\/div>\n\t\t<\/section>\n\t\t\t\t<section class=\"elementor-section elementor-top-section elementor-element elementor-element-6ec635e elementor-section-boxed elementor-section-height-default elementor-section-height-default\" data-id=\"6ec635e\" data-element_type=\"section\">\n\t\t\t\t\t\t<div class=\"elementor-container elementor-column-gap-default\">\n\t\t\t\t\t<div class=\"elementor-column elementor-col-100 elementor-top-column elementor-element elementor-element-a18bce3\" data-id=\"a18bce3\" data-element_type=\"column\">\n\t\t\t<div class=\"elementor-widget-wrap elementor-element-populated\">\n\t\t\t\t\t\t<div class=\"elementor-element elementor-element-4c0ab05 elementor-widget elementor-widget-video\" data-id=\"4c0ab05\" data-element_type=\"widget\" data-settings=\"{&quot;youtube_url&quot;:&quot;https:\\\/\\\/youtu.be\\\/-XnMwwFtWqM&quot;,&quot;video_type&quot;:&quot;youtube&quot;,&quot;controls&quot;:&quot;yes&quot;}\" data-widget_type=\"video.default\">\n\t\t\t\t<div class=\"elementor-widget-container\">\n\t\t\t\t\t\t\t<div class=\"elementor-wrapper elementor-open-inline\">\n\t\t\t<div class=\"elementor-video\"><\/div>\t\t<\/div>\n\t\t\t\t\t\t<\/div>\n\t\t\t\t<\/div>\n\t\t\t\t\t<\/div>\n\t\t<\/div>\n\t\t\t\t\t<\/div>\n\t\t<\/section>\n\t\t\t\t<section class=\"elementor-section elementor-top-section elementor-element elementor-element-8a4754f elementor-section-boxed elementor-section-height-default elementor-section-height-default\" data-id=\"8a4754f\" data-element_type=\"section\">\n\t\t\t\t\t\t<div class=\"elementor-container elementor-column-gap-default\">\n\t\t\t\t\t<div class=\"elementor-column elementor-col-100 elementor-top-column elementor-element elementor-element-daeb77a\" data-id=\"daeb77a\" data-element_type=\"column\">\n\t\t\t<div class=\"elementor-widget-wrap elementor-element-populated\">\n\t\t\t\t\t\t<div class=\"elementor-element elementor-element-0b4719e elementor-widget elementor-widget-spacer\" data-id=\"0b4719e\" data-element_type=\"widget\" data-widget_type=\"spacer.default\">\n\t\t\t\t<div class=\"elementor-widget-container\">\n\t\t\t\t\t\t\t<div class=\"elementor-spacer\">\n\t\t\t<div class=\"elementor-spacer-inner\"><\/div>\n\t\t<\/div>\n\t\t\t\t\t\t<\/div>\n\t\t\t\t<\/div>\n\t\t\t\t\t<\/div>\n\t\t<\/div>\n\t\t\t\t\t<\/div>\n\t\t<\/section>\n\t\t\t\t<section class=\"elementor-section elementor-top-section elementor-element elementor-element-2707c89 elementor-section-boxed elementor-section-height-default elementor-section-height-default\" data-id=\"2707c89\" data-element_type=\"section\">\n\t\t\t\t\t\t<div class=\"elementor-container elementor-column-gap-default\">\n\t\t\t\t\t<div class=\"elementor-column elementor-col-33 elementor-top-column elementor-element elementor-element-aecc879\" data-id=\"aecc879\" data-element_type=\"column\">\n\t\t\t<div class=\"elementor-widget-wrap elementor-element-populated\">\n\t\t\t\t\t\t<div class=\"elementor-element elementor-element-495ffc4 elementor-widget elementor-widget-image\" data-id=\"495ffc4\" data-element_type=\"widget\" data-widget_type=\"image.default\">\n\t\t\t\t<div class=\"elementor-widget-container\">\n\t\t\t\t\t\t\t\t\t\t\t\t\t\t\t\t<a href=\"http:\/\/www.neuvysurleschemins.fr\/index.php\/autour-de-la-basilique-saint-etienne\/\">\n\t\t\t\t\t\t\t<img decoding=\"async\" data-attachment-id=\"434\" data-permalink=\"https:\/\/www.neuvysurleschemins.fr\/villes\/\" data-orig-file=\"https:\/\/i0.wp.com\/www.neuvysurleschemins.fr\/wp-content\/uploads\/2017\/11\/Villes.png?fit=400%2C400&amp;ssl=1\" data-orig-size=\"400,400\" data-comments-opened=\"1\" data-image-meta=\"{&quot;aperture&quot;:&quot;0&quot;,&quot;credit&quot;:&quot;&quot;,&quot;camera&quot;:&quot;&quot;,&quot;caption&quot;:&quot;&quot;,&quot;created_timestamp&quot;:&quot;0&quot;,&quot;copyright&quot;:&quot;&quot;,&quot;focal_length&quot;:&quot;0&quot;,&quot;iso&quot;:&quot;0&quot;,&quot;shutter_speed&quot;:&quot;0&quot;,&quot;title&quot;:&quot;&quot;,&quot;orientation&quot;:&quot;0&quot;}\" data-image-title=\"Villes\" data-image-description=\"\" data-image-caption=\"\" data-medium-file=\"https:\/\/i0.wp.com\/www.neuvysurleschemins.fr\/wp-content\/uploads\/2017\/11\/Villes.png?fit=300%2C300&amp;ssl=1\" data-large-file=\"https:\/\/i0.wp.com\/www.neuvysurleschemins.fr\/wp-content\/uploads\/2017\/11\/Villes.png?fit=400%2C400&amp;ssl=1\" tabindex=\"0\" role=\"button\" width=\"150\" height=\"150\" src=\"https:\/\/i0.wp.com\/www.neuvysurleschemins.fr\/wp-content\/uploads\/2017\/11\/Villes.png?resize=150%2C150&amp;ssl=1\" class=\"attachment-thumbnail size-thumbnail wp-image-434\" alt=\"\" srcset=\"https:\/\/i0.wp.com\/www.neuvysurleschemins.fr\/wp-content\/uploads\/2017\/11\/Villes.png?w=400&amp;ssl=1 400w, https:\/\/i0.wp.com\/www.neuvysurleschemins.fr\/wp-content\/uploads\/2017\/11\/Villes.png?resize=150%2C150&amp;ssl=1 150w, https:\/\/i0.wp.com\/www.neuvysurleschemins.fr\/wp-content\/uploads\/2017\/11\/Villes.png?resize=300%2C300&amp;ssl=1 300w\" sizes=\"(max-width: 150px) 100vw, 150px\" data-attachment-id=\"434\" data-permalink=\"https:\/\/www.neuvysurleschemins.fr\/villes\/\" data-orig-file=\"https:\/\/i0.wp.com\/www.neuvysurleschemins.fr\/wp-content\/uploads\/2017\/11\/Villes.png?fit=400%2C400&amp;ssl=1\" data-orig-size=\"400,400\" data-comments-opened=\"1\" data-image-meta=\"{&quot;aperture&quot;:&quot;0&quot;,&quot;credit&quot;:&quot;&quot;,&quot;camera&quot;:&quot;&quot;,&quot;caption&quot;:&quot;&quot;,&quot;created_timestamp&quot;:&quot;0&quot;,&quot;copyright&quot;:&quot;&quot;,&quot;focal_length&quot;:&quot;0&quot;,&quot;iso&quot;:&quot;0&quot;,&quot;shutter_speed&quot;:&quot;0&quot;,&quot;title&quot;:&quot;&quot;,&quot;orientation&quot;:&quot;0&quot;}\" data-image-title=\"Villes\" data-image-description=\"\" data-image-caption=\"\" data-medium-file=\"https:\/\/i0.wp.com\/www.neuvysurleschemins.fr\/wp-content\/uploads\/2017\/11\/Villes.png?fit=300%2C300&amp;ssl=1\" data-large-file=\"https:\/\/i0.wp.com\/www.neuvysurleschemins.fr\/wp-content\/uploads\/2017\/11\/Villes.png?fit=400%2C400&amp;ssl=1\" role=\"button\" \/>\t\t\t\t\t\t\t\t<\/a>\n\t\t\t\t\t\t\t\t\t\t\t\t\t\t\t<\/div>\n\t\t\t\t<\/div>\n\t\t\t\t<div class=\"elementor-element elementor-element-ff1b512 elementor-widget elementor-widget-text-editor\" data-id=\"ff1b512\" data-element_type=\"widget\" data-widget_type=\"text-editor.default\">\n\t\t\t\t<div class=\"elementor-widget-container\">\n\t\t\t\t\t\t\t\t\t<p>D\u00e9couvrez <strong><a href=\"http:\/\/www.neuvysurleschemins.fr\/index.php\/autour-de-la-basilique-saint-etienne\/\" data-wplink-edit=\"true\">la basilique de Neuvy Saint-S\u00e9pulchre<\/a><\/strong>, inscrite au patrimoine mondial au titre des Chemins de Compostelle<\/p>\t\t\t\t\t\t\t\t<\/div>\n\t\t\t\t<\/div>\n\t\t\t\t\t<\/div>\n\t\t<\/div>\n\t\t\t\t<div class=\"elementor-column elementor-col-33 elementor-top-column elementor-element elementor-element-642c0ce\" data-id=\"642c0ce\" data-element_type=\"column\">\n\t\t\t<div class=\"elementor-widget-wrap elementor-element-populated\">\n\t\t\t\t\t\t<div class=\"elementor-element elementor-element-ee84363 elementor-widget elementor-widget-image\" data-id=\"ee84363\" data-element_type=\"widget\" data-widget_type=\"image.default\">\n\t\t\t\t<div class=\"elementor-widget-container\">\n\t\t\t\t\t\t\t\t\t\t\t\t\t\t\t\t<a href=\"http:\/\/www.neuvysurleschemins.fr\/index.php\/autour-de-la-basilique-saint-etienne\/\" target=\"_blank\">\n\t\t\t\t\t\t\t<img decoding=\"async\" data-attachment-id=\"567\" data-permalink=\"https:\/\/www.neuvysurleschemins.fr\/index.php\/2018\/01\/04\/concert-douverture-a-neuvy-saint-sepulchre-organise-par-le-festival-des-milliaires-et-lete-du-tertre\/informations\/\" data-orig-file=\"https:\/\/i0.wp.com\/www.neuvysurleschemins.fr\/wp-content\/uploads\/2017\/12\/Informations.png?fit=400%2C400&amp;ssl=1\" data-orig-size=\"400,400\" data-comments-opened=\"1\" data-image-meta=\"{&quot;aperture&quot;:&quot;0&quot;,&quot;credit&quot;:&quot;&quot;,&quot;camera&quot;:&quot;&quot;,&quot;caption&quot;:&quot;&quot;,&quot;created_timestamp&quot;:&quot;0&quot;,&quot;copyright&quot;:&quot;&quot;,&quot;focal_length&quot;:&quot;0&quot;,&quot;iso&quot;:&quot;0&quot;,&quot;shutter_speed&quot;:&quot;0&quot;,&quot;title&quot;:&quot;&quot;,&quot;orientation&quot;:&quot;0&quot;}\" data-image-title=\"Informations\" data-image-description=\"\" data-image-caption=\"\" data-medium-file=\"https:\/\/i0.wp.com\/www.neuvysurleschemins.fr\/wp-content\/uploads\/2017\/12\/Informations.png?fit=300%2C300&amp;ssl=1\" data-large-file=\"https:\/\/i0.wp.com\/www.neuvysurleschemins.fr\/wp-content\/uploads\/2017\/12\/Informations.png?fit=400%2C400&amp;ssl=1\" tabindex=\"0\" role=\"button\" width=\"150\" height=\"150\" src=\"https:\/\/i0.wp.com\/www.neuvysurleschemins.fr\/wp-content\/uploads\/2017\/12\/Informations.png?resize=150%2C150&amp;ssl=1\" class=\"attachment-thumbnail size-thumbnail wp-image-567\" alt=\"\" srcset=\"https:\/\/i0.wp.com\/www.neuvysurleschemins.fr\/wp-content\/uploads\/2017\/12\/Informations.png?w=400&amp;ssl=1 400w, https:\/\/i0.wp.com\/www.neuvysurleschemins.fr\/wp-content\/uploads\/2017\/12\/Informations.png?resize=150%2C150&amp;ssl=1 150w, https:\/\/i0.wp.com\/www.neuvysurleschemins.fr\/wp-content\/uploads\/2017\/12\/Informations.png?resize=300%2C300&amp;ssl=1 300w\" sizes=\"(max-width: 150px) 100vw, 150px\" data-attachment-id=\"567\" data-permalink=\"https:\/\/www.neuvysurleschemins.fr\/index.php\/2018\/01\/04\/concert-douverture-a-neuvy-saint-sepulchre-organise-par-le-festival-des-milliaires-et-lete-du-tertre\/informations\/\" data-orig-file=\"https:\/\/i0.wp.com\/www.neuvysurleschemins.fr\/wp-content\/uploads\/2017\/12\/Informations.png?fit=400%2C400&amp;ssl=1\" data-orig-size=\"400,400\" data-comments-opened=\"1\" data-image-meta=\"{&quot;aperture&quot;:&quot;0&quot;,&quot;credit&quot;:&quot;&quot;,&quot;camera&quot;:&quot;&quot;,&quot;caption&quot;:&quot;&quot;,&quot;created_timestamp&quot;:&quot;0&quot;,&quot;copyright&quot;:&quot;&quot;,&quot;focal_length&quot;:&quot;0&quot;,&quot;iso&quot;:&quot;0&quot;,&quot;shutter_speed&quot;:&quot;0&quot;,&quot;title&quot;:&quot;&quot;,&quot;orientation&quot;:&quot;0&quot;}\" data-image-title=\"Informations\" data-image-description=\"\" data-image-caption=\"\" data-medium-file=\"https:\/\/i0.wp.com\/www.neuvysurleschemins.fr\/wp-content\/uploads\/2017\/12\/Informations.png?fit=300%2C300&amp;ssl=1\" data-large-file=\"https:\/\/i0.wp.com\/www.neuvysurleschemins.fr\/wp-content\/uploads\/2017\/12\/Informations.png?fit=400%2C400&amp;ssl=1\" role=\"button\" \/>\t\t\t\t\t\t\t\t<\/a>\n\t\t\t\t\t\t\t\t\t\t\t\t\t\t\t<\/div>\n\t\t\t\t<\/div>\n\t\t\t\t<div class=\"elementor-element elementor-element-a0e1c97 elementor-widget elementor-widget-text-editor\" data-id=\"a0e1c97\" data-element_type=\"widget\" data-widget_type=\"text-editor.default\">\n\t\t\t\t<div class=\"elementor-widget-container\">\n\t\t\t\t\t\t\t\t\t<p>Plus d\u2019informations sur<a href=\"http:\/\/www.cheminscompostelle-patrimoinemondial.fr\/fr\" target=\"_blank\" rel=\"noopener\" data-wplink-edit=\"true\"><strong> les Chemins de Compostelle<\/strong><\/a> en France<\/p>\t\t\t\t\t\t\t\t<\/div>\n\t\t\t\t<\/div>\n\t\t\t\t\t<\/div>\n\t\t<\/div>\n\t\t\t\t<div class=\"elementor-column elementor-col-33 elementor-top-column elementor-element elementor-element-087d49b\" data-id=\"087d49b\" data-element_type=\"column\">\n\t\t\t<div class=\"elementor-widget-wrap elementor-element-populated\">\n\t\t\t\t\t\t<div class=\"elementor-element elementor-element-0652fe4 elementor-widget elementor-widget-image\" data-id=\"0652fe4\" data-element_type=\"widget\" data-widget_type=\"image.default\">\n\t\t\t\t<div class=\"elementor-widget-container\">\n\t\t\t\t\t\t\t\t\t\t\t\t\t\t\t\t<a href=\"http:\/\/www.neuvysurleschemins.fr\/index.php\/chemins-des-etoiles-2021\/\">\n\t\t\t\t\t\t\t<img loading=\"lazy\" decoding=\"async\" data-attachment-id=\"455\" data-permalink=\"https:\/\/www.neuvysurleschemins.fr\/video\/\" data-orig-file=\"https:\/\/i0.wp.com\/www.neuvysurleschemins.fr\/wp-content\/uploads\/2017\/11\/Vid\u00e9o.png?fit=400%2C400&amp;ssl=1\" data-orig-size=\"400,400\" data-comments-opened=\"1\" data-image-meta=\"{&quot;aperture&quot;:&quot;0&quot;,&quot;credit&quot;:&quot;&quot;,&quot;camera&quot;:&quot;&quot;,&quot;caption&quot;:&quot;&quot;,&quot;created_timestamp&quot;:&quot;0&quot;,&quot;copyright&quot;:&quot;&quot;,&quot;focal_length&quot;:&quot;0&quot;,&quot;iso&quot;:&quot;0&quot;,&quot;shutter_speed&quot;:&quot;0&quot;,&quot;title&quot;:&quot;&quot;,&quot;orientation&quot;:&quot;0&quot;}\" data-image-title=\"Vid\u00e9o\" data-image-description=\"\" data-image-caption=\"\" data-medium-file=\"https:\/\/i0.wp.com\/www.neuvysurleschemins.fr\/wp-content\/uploads\/2017\/11\/Vid\u00e9o.png?fit=300%2C300&amp;ssl=1\" data-large-file=\"https:\/\/i0.wp.com\/www.neuvysurleschemins.fr\/wp-content\/uploads\/2017\/11\/Vid\u00e9o.png?fit=400%2C400&amp;ssl=1\" tabindex=\"0\" role=\"button\" width=\"150\" height=\"150\" src=\"https:\/\/i0.wp.com\/www.neuvysurleschemins.fr\/wp-content\/uploads\/2017\/11\/Vid\u00e9o.png?resize=150%2C150&amp;ssl=1\" class=\"attachment-thumbnail size-thumbnail wp-image-455\" alt=\"\" srcset=\"https:\/\/i0.wp.com\/www.neuvysurleschemins.fr\/wp-content\/uploads\/2017\/11\/Vid\u00e9o.png?w=400&amp;ssl=1 400w, https:\/\/i0.wp.com\/www.neuvysurleschemins.fr\/wp-content\/uploads\/2017\/11\/Vid\u00e9o.png?resize=150%2C150&amp;ssl=1 150w, https:\/\/i0.wp.com\/www.neuvysurleschemins.fr\/wp-content\/uploads\/2017\/11\/Vid\u00e9o.png?resize=300%2C300&amp;ssl=1 300w\" sizes=\"(max-width: 150px) 100vw, 150px\" data-attachment-id=\"455\" data-permalink=\"https:\/\/www.neuvysurleschemins.fr\/video\/\" data-orig-file=\"https:\/\/i0.wp.com\/www.neuvysurleschemins.fr\/wp-content\/uploads\/2017\/11\/Vid\u00e9o.png?fit=400%2C400&amp;ssl=1\" data-orig-size=\"400,400\" data-comments-opened=\"1\" data-image-meta=\"{&quot;aperture&quot;:&quot;0&quot;,&quot;credit&quot;:&quot;&quot;,&quot;camera&quot;:&quot;&quot;,&quot;caption&quot;:&quot;&quot;,&quot;created_timestamp&quot;:&quot;0&quot;,&quot;copyright&quot;:&quot;&quot;,&quot;focal_length&quot;:&quot;0&quot;,&quot;iso&quot;:&quot;0&quot;,&quot;shutter_speed&quot;:&quot;0&quot;,&quot;title&quot;:&quot;&quot;,&quot;orientation&quot;:&quot;0&quot;}\" data-image-title=\"Vid\u00e9o\" data-image-description=\"\" data-image-caption=\"\" data-medium-file=\"https:\/\/i0.wp.com\/www.neuvysurleschemins.fr\/wp-content\/uploads\/2017\/11\/Vid\u00e9o.png?fit=300%2C300&amp;ssl=1\" data-large-file=\"https:\/\/i0.wp.com\/www.neuvysurleschemins.fr\/wp-content\/uploads\/2017\/11\/Vid\u00e9o.png?fit=400%2C400&amp;ssl=1\" role=\"button\" \/>\t\t\t\t\t\t\t\t<\/a>\n\t\t\t\t\t\t\t\t\t\t\t\t\t\t\t<\/div>\n\t\t\t\t<\/div>\n\t\t\t\t<div class=\"elementor-element elementor-element-f75b4ff elementor-widget elementor-widget-text-editor\" data-id=\"f75b4ff\" data-element_type=\"widget\" data-widget_type=\"text-editor.default\">\n\t\t\t\t<div class=\"elementor-widget-container\">\n\t\t\t\t\t\t\t\t\t<p>D\u00e9couvrez les <a href=\"http:\/\/www.neuvysurleschemins.fr\/index.php\/chemins-des-etoiles-2021\/\" data-wplink-edit=\"true\"><strong>Chemins des Etoiles<\/strong><\/a> et le documentaire \u201cDe Neuvy \u00e0 l\u2019UNESCO\u201d<\/p>\t\t\t\t\t\t\t\t<\/div>\n\t\t\t\t<\/div>\n\t\t\t\t\t<\/div>\n\t\t<\/div>\n\t\t\t\t\t<\/div>\n\t\t<\/section>\n\t\t\t\t<\/div>\n\t\t","protected":false},"excerpt":{"rendered":"<p>Rencontre avec l&rsquo;association de Sauvegarde des Sites de Cluis<\/p>\n","protected":false},"author":1,"featured_media":2172,"comment_status":"open","ping_status":"open","sticky":false,"template":"elementor_header_footer","format":"standard","meta":{"jetpack_post_was_ever_published":false,"_jetpack_newsletter_access":"","_jetpack_dont_email_post_to_subs":false,"_jetpack_newsletter_tier_id":0,"_jetpack_memberships_contains_paywalled_content":false,"footnotes":"","_jetpack_memberships_contains_paid_content":false,"jetpack_publicize_message":"","jetpack_publicize_feature_enabled":true,"jetpack_social_post_already_shared":true,"jetpack_social_options":{"image_generator_settings":{"template":"highway","enabled":false},"version":2}},"categories":[50,34,46,49],"tags":[],"jetpack_publicize_connections":[],"jetpack_featured_media_url":"https:\/\/i0.wp.com\/www.neuvysurleschemins.fr\/wp-content\/uploads\/2021\/12\/sites-de-cluis-2.jpg?fit=1920%2C1080&ssl=1","jetpack_sharing_enabled":true,"jetpack_shortlink":"https:\/\/wp.me\/p9e7pe-yZ","jetpack_likes_enabled":true,"jetpack-related-posts":[],"_links":{"self":[{"href":"https:\/\/www.neuvysurleschemins.fr\/index.php\/wp-json\/wp\/v2\/posts\/2169"}],"collection":[{"href":"https:\/\/www.neuvysurleschemins.fr\/index.php\/wp-json\/wp\/v2\/posts"}],"about":[{"href":"https:\/\/www.neuvysurleschemins.fr\/index.php\/wp-json\/wp\/v2\/types\/post"}],"author":[{"embeddable":true,"href":"https:\/\/www.neuvysurleschemins.fr\/index.php\/wp-json\/wp\/v2\/users\/1"}],"replies":[{"embeddable":true,"href":"https:\/\/www.neuvysurleschemins.fr\/index.php\/wp-json\/wp\/v2\/comments?post=2169"}],"version-history":[{"count":0,"href":"https:\/\/www.neuvysurleschemins.fr\/index.php\/wp-json\/wp\/v2\/posts\/2169\/revisions"}],"wp:featuredmedia":[{"embeddable":true,"href":"https:\/\/www.neuvysurleschemins.fr\/index.php\/wp-json\/wp\/v2\/media\/2172"}],"wp:attachment":[{"href":"https:\/\/www.neuvysurleschemins.fr\/index.php\/wp-json\/wp\/v2\/media?parent=2169"}],"wp:term":[{"taxonomy":"category","embeddable":true,"href":"https:\/\/www.neuvysurleschemins.fr\/index.php\/wp-json\/wp\/v2\/categories?post=2169"},{"taxonomy":"post_tag","embeddable":true,"href":"https:\/\/www.neuvysurleschemins.fr\/index.php\/wp-json\/wp\/v2\/tags?post=2169"}],"curies":[{"name":"wp","href":"https:\/\/api.w.org\/{rel}","templated":true}]}}