{"id":1978,"date":"2020-01-23T17:56:11","date_gmt":"2020-01-23T16:56:11","guid":{"rendered":"http:\/\/www.neuvysurleschemins.fr\/?p=1978"},"modified":"2021-06-11T09:52:03","modified_gmt":"2021-06-11T07:52:03","slug":"club-unesco-temoins-de-lhistoire-batisseurs-davenir-avec-jerome-beau-archeveque-du-berry","status":"publish","type":"post","link":"https:\/\/www.neuvysurleschemins.fr\/index.php\/2020\/01\/23\/club-unesco-temoins-de-lhistoire-batisseurs-davenir-avec-jerome-beau-archeveque-du-berry\/","title":{"rendered":"Club du Patrimoine Mondial : \u00ab\u00a0T\u00e9moins de l&rsquo;histoire, b\u00e2tisseurs d&rsquo;avenir\u00a0\u00bb avec J\u00e9r\u00f4me Beau, Archev\u00eaque du Berry"},"content":{"rendered":"\t\t<div data-elementor-type=\"wp-post\" data-elementor-id=\"1978\" class=\"elementor elementor-1978 elementor-bc-flex-widget\">\n\t\t\t\t\t\t<section class=\"elementor-section elementor-top-section elementor-element elementor-element-6a395f4f elementor-section-boxed elementor-section-height-default elementor-section-height-default\" data-id=\"6a395f4f\" data-element_type=\"section\">\n\t\t\t\t\t\t<div class=\"elementor-container elementor-column-gap-default\">\n\t\t\t\t\t<div class=\"elementor-column elementor-col-50 elementor-top-column elementor-element elementor-element-57e8680\" data-id=\"57e8680\" data-element_type=\"column\">\n\t\t\t<div class=\"elementor-widget-wrap elementor-element-populated\">\n\t\t\t\t\t\t<div class=\"elementor-element elementor-element-5b8d2619 elementor-widget elementor-widget-image\" data-id=\"5b8d2619\" data-element_type=\"widget\" data-widget_type=\"image.default\">\n\t\t\t\t<div class=\"elementor-widget-container\">\n\t\t\t\t\t\t\t\t\t\t\t\t\t\t\t<img fetchpriority=\"high\" decoding=\"async\" data-attachment-id=\"1981\" data-permalink=\"https:\/\/www.neuvysurleschemins.fr\/index.php\/2020\/01\/23\/club-unesco-temoins-de-lhistoire-batisseurs-davenir-avec-jerome-beau-archeveque-du-berry\/le-mont-saint-michel_-patrimoine-mondial-patrimoine-pour-tous-2-3\/\" data-orig-file=\"https:\/\/i0.wp.com\/www.neuvysurleschemins.fr\/wp-content\/uploads\/2020\/01\/Le-mont-saint-michel_-patrimoine-mondial-patrimoine-pour-tous-2.png?fit=1920%2C1080&amp;ssl=1\" data-orig-size=\"1920,1080\" data-comments-opened=\"1\" data-image-meta=\"{&quot;aperture&quot;:&quot;0&quot;,&quot;credit&quot;:&quot;&quot;,&quot;camera&quot;:&quot;&quot;,&quot;caption&quot;:&quot;&quot;,&quot;created_timestamp&quot;:&quot;0&quot;,&quot;copyright&quot;:&quot;&quot;,&quot;focal_length&quot;:&quot;0&quot;,&quot;iso&quot;:&quot;0&quot;,&quot;shutter_speed&quot;:&quot;0&quot;,&quot;title&quot;:&quot;&quot;,&quot;orientation&quot;:&quot;0&quot;}\" data-image-title=\"Le mont saint michel_ patrimoine mondial, patrimoine pour tous-2\" data-image-description=\"\" data-image-caption=\"\" data-medium-file=\"https:\/\/i0.wp.com\/www.neuvysurleschemins.fr\/wp-content\/uploads\/2020\/01\/Le-mont-saint-michel_-patrimoine-mondial-patrimoine-pour-tous-2.png?fit=300%2C169&amp;ssl=1\" data-large-file=\"https:\/\/i0.wp.com\/www.neuvysurleschemins.fr\/wp-content\/uploads\/2020\/01\/Le-mont-saint-michel_-patrimoine-mondial-patrimoine-pour-tous-2.png?fit=1024%2C576&amp;ssl=1\" tabindex=\"0\" role=\"button\" width=\"1024\" height=\"576\" src=\"https:\/\/i0.wp.com\/www.neuvysurleschemins.fr\/wp-content\/uploads\/2020\/01\/Le-mont-saint-michel_-patrimoine-mondial-patrimoine-pour-tous-2.png?fit=1024%2C576&amp;ssl=1\" class=\"attachment-large size-large wp-image-1981\" alt=\"\" srcset=\"https:\/\/i0.wp.com\/www.neuvysurleschemins.fr\/wp-content\/uploads\/2020\/01\/Le-mont-saint-michel_-patrimoine-mondial-patrimoine-pour-tous-2.png?w=1920&amp;ssl=1 1920w, https:\/\/i0.wp.com\/www.neuvysurleschemins.fr\/wp-content\/uploads\/2020\/01\/Le-mont-saint-michel_-patrimoine-mondial-patrimoine-pour-tous-2.png?resize=300%2C169&amp;ssl=1 300w, https:\/\/i0.wp.com\/www.neuvysurleschemins.fr\/wp-content\/uploads\/2020\/01\/Le-mont-saint-michel_-patrimoine-mondial-patrimoine-pour-tous-2.png?resize=768%2C432&amp;ssl=1 768w, https:\/\/i0.wp.com\/www.neuvysurleschemins.fr\/wp-content\/uploads\/2020\/01\/Le-mont-saint-michel_-patrimoine-mondial-patrimoine-pour-tous-2.png?resize=1024%2C576&amp;ssl=1 1024w, https:\/\/i0.wp.com\/www.neuvysurleschemins.fr\/wp-content\/uploads\/2020\/01\/Le-mont-saint-michel_-patrimoine-mondial-patrimoine-pour-tous-2.png?resize=750%2C422&amp;ssl=1 750w\" sizes=\"(max-width: 1024px) 100vw, 1024px\" data-attachment-id=\"1981\" data-permalink=\"https:\/\/www.neuvysurleschemins.fr\/index.php\/2020\/01\/23\/club-unesco-temoins-de-lhistoire-batisseurs-davenir-avec-jerome-beau-archeveque-du-berry\/le-mont-saint-michel_-patrimoine-mondial-patrimoine-pour-tous-2-3\/\" data-orig-file=\"https:\/\/i0.wp.com\/www.neuvysurleschemins.fr\/wp-content\/uploads\/2020\/01\/Le-mont-saint-michel_-patrimoine-mondial-patrimoine-pour-tous-2.png?fit=1920%2C1080&amp;ssl=1\" data-orig-size=\"1920,1080\" data-comments-opened=\"1\" data-image-meta=\"{&quot;aperture&quot;:&quot;0&quot;,&quot;credit&quot;:&quot;&quot;,&quot;camera&quot;:&quot;&quot;,&quot;caption&quot;:&quot;&quot;,&quot;created_timestamp&quot;:&quot;0&quot;,&quot;copyright&quot;:&quot;&quot;,&quot;focal_length&quot;:&quot;0&quot;,&quot;iso&quot;:&quot;0&quot;,&quot;shutter_speed&quot;:&quot;0&quot;,&quot;title&quot;:&quot;&quot;,&quot;orientation&quot;:&quot;0&quot;}\" data-image-title=\"Le mont saint michel_ patrimoine mondial, patrimoine pour tous-2\" data-image-description=\"\" data-image-caption=\"\" data-medium-file=\"https:\/\/i0.wp.com\/www.neuvysurleschemins.fr\/wp-content\/uploads\/2020\/01\/Le-mont-saint-michel_-patrimoine-mondial-patrimoine-pour-tous-2.png?fit=300%2C169&amp;ssl=1\" data-large-file=\"https:\/\/i0.wp.com\/www.neuvysurleschemins.fr\/wp-content\/uploads\/2020\/01\/Le-mont-saint-michel_-patrimoine-mondial-patrimoine-pour-tous-2.png?fit=1024%2C576&amp;ssl=1\" role=\"button\" \/>\t\t\t\t\t\t\t\t\t\t\t\t\t\t\t<\/div>\n\t\t\t\t<\/div>\n\t\t\t\t\t<\/div>\n\t\t<\/div>\n\t\t\t\t<div class=\"elementor-column elementor-col-50 elementor-top-column elementor-element elementor-element-28c2c60b\" data-id=\"28c2c60b\" data-element_type=\"column\">\n\t\t\t<div class=\"elementor-widget-wrap elementor-element-populated\">\n\t\t\t\t\t\t<div class=\"elementor-element elementor-element-33c0d398 elementor-widget elementor-widget-text-editor\" data-id=\"33c0d398\" data-element_type=\"widget\" data-widget_type=\"text-editor.default\">\n\t\t\t\t<div class=\"elementor-widget-container\">\n\t\t\t\t\t\t\t\t\t<p>Le travail concret commence pour les \u00e9l\u00e8ves du Club du Patrimoine Mondial du coll\u00e8ge Vincent Rotinat de Neuvy. Voici plusieurs semaines qu\u2019ils se pr\u00e9parent avec des professionnels \u00e0 <a href=\"http:\/\/www.neuvysurleschemins.fr\/index.php\/2020\/01\/10\/club-unesco-decouvrir-le-metier-de-realisateur-avec-philippe-lecomte\/\" target=\"_blank\" rel=\"noopener\"><strong>l\u2019\u00e9laboration d\u2019un documentaire<\/strong><\/a> sur la basilique de Neuvy Saint-S\u00e9pulchre, <a href=\"http:\/\/www.neuvysurleschemins.fr\/index.php\/2019\/12\/19\/club-unesco-visite-de-la-basilique-de-neuvy-avec-gerard-guillaume\/\" target=\"_blank\" rel=\"noopener\"><strong>inscrite au patrimoine mondial au titre des Chemins de Saint Jacque<\/strong>s<\/a>, et les habitants locaux. Leurs recherches commencent avec une interview de choix, celle de l\u2019Archev\u00eaque du Berry, J\u00e9r\u00f4me Beau. Ils ont une id\u00e9e d\u2019ensemble du <a href=\"http:\/\/www.neuvysurleschemins.fr\/index.php\/2019\/11\/23\/club-unesco-le-lancement\/\" target=\"_blank\" rel=\"noopener\"><strong>r\u00f4le du patrimoine mondial<\/strong><\/a> et de l\u2019histoire de cette r\u00e9plique du Saint S\u00e9pulcre de J\u00e9rusalem, en plein Berry. Leur but est d\u00e9sormais de comprendre quel est le lien entre tr\u00e9sors de l\u2019humanit\u00e9, monuments locaux et visiteurs, voisins ou communaut\u00e9s de toute croyance.<\/p>\t\t\t\t\t\t\t\t<\/div>\n\t\t\t\t<\/div>\n\t\t\t\t\t<\/div>\n\t\t<\/div>\n\t\t\t\t\t<\/div>\n\t\t<\/section>\n\t\t\t\t<section class=\"elementor-section elementor-top-section elementor-element elementor-element-a6507b5 elementor-section-boxed elementor-section-height-default elementor-section-height-default\" data-id=\"a6507b5\" data-element_type=\"section\">\n\t\t\t\t\t\t<div class=\"elementor-container elementor-column-gap-default\">\n\t\t\t\t\t<div class=\"elementor-column elementor-col-100 elementor-top-column elementor-element elementor-element-880e6d1\" data-id=\"880e6d1\" data-element_type=\"column\">\n\t\t\t<div class=\"elementor-widget-wrap elementor-element-populated\">\n\t\t\t\t\t\t<div class=\"elementor-element elementor-element-644816c9 elementor-widget elementor-widget-heading\" data-id=\"644816c9\" data-element_type=\"widget\" data-widget_type=\"heading.default\">\n\t\t\t\t<div class=\"elementor-widget-container\">\n\t\t\t\t\t<h2 class=\"elementor-heading-title elementor-size-default\">\"T\u00e9moins de l'histoire, b\u00e2tisseurs d'avenir\"<\/h2>\t\t\t\t<\/div>\n\t\t\t\t<\/div>\n\t\t\t\t\t<\/div>\n\t\t<\/div>\n\t\t\t\t\t<\/div>\n\t\t<\/section>\n\t\t\t\t<section class=\"elementor-section elementor-top-section elementor-element elementor-element-5bd77265 elementor-section-boxed elementor-section-height-default elementor-section-height-default\" data-id=\"5bd77265\" data-element_type=\"section\">\n\t\t\t\t\t\t<div class=\"elementor-container elementor-column-gap-default\">\n\t\t\t\t\t<div class=\"elementor-column elementor-col-100 elementor-top-column elementor-element elementor-element-2b3aba04\" data-id=\"2b3aba04\" data-element_type=\"column\">\n\t\t\t<div class=\"elementor-widget-wrap elementor-element-populated\">\n\t\t\t\t\t\t<div class=\"elementor-element elementor-element-566b23d9 elementor-widget elementor-widget-text-editor\" data-id=\"566b23d9\" data-element_type=\"widget\" data-widget_type=\"text-editor.default\">\n\t\t\t\t<div class=\"elementor-widget-container\">\n\t\t\t\t\t\t\t\t\t<p>Il y a bien s\u00fbr les Chemins de Compostelle qui relient les deux lieux du Berry class\u00e9s au patrimoine mondial : la cath\u00e9drale de Bourges et la basilique de Neuvy. Avec J\u00e9r\u00f4me Beau, les \u00e9l\u00e8ves d\u00e9couvrent \u00e9galement la v\u00e9ritable vocation du patrimoine et de l\u2019\u00e9ducation : faire de leur jeunesse un t\u00e9moignage de l\u2019histoire pour \u00eatre acteur d\u2019un avenir qu\u2019ils construiront.<\/p><p>Un tr\u00e8s grand merci \u00e0 Monseigneur J\u00e9r\u00f4me Beau qui s\u2019est rendu disponible pour cette interview r\u00e9alis\u00e9e par les \u00e9l\u00e8ves du Club du Patrimoine Mondial.<\/p>\t\t\t\t\t\t\t\t<\/div>\n\t\t\t\t<\/div>\n\t\t\t\t\t<\/div>\n\t\t<\/div>\n\t\t\t\t\t<\/div>\n\t\t<\/section>\n\t\t\t\t<section class=\"elementor-section elementor-top-section elementor-element elementor-element-26791c16 elementor-section-boxed elementor-section-height-default elementor-section-height-default\" data-id=\"26791c16\" data-element_type=\"section\">\n\t\t\t\t\t\t<div class=\"elementor-container elementor-column-gap-default\">\n\t\t\t\t\t<div class=\"elementor-column elementor-col-100 elementor-top-column elementor-element elementor-element-67defb01\" data-id=\"67defb01\" data-element_type=\"column\">\n\t\t\t<div class=\"elementor-widget-wrap elementor-element-populated\">\n\t\t\t\t\t\t<div class=\"elementor-element elementor-element-24405de8 elementor-widget elementor-widget-video\" data-id=\"24405de8\" data-element_type=\"widget\" data-settings=\"{&quot;youtube_url&quot;:&quot;https:\\\/\\\/youtu.be\\\/_E_L2l5uok4&quot;,&quot;video_type&quot;:&quot;youtube&quot;,&quot;controls&quot;:&quot;yes&quot;}\" data-widget_type=\"video.default\">\n\t\t\t\t<div class=\"elementor-widget-container\">\n\t\t\t\t\t\t\t<div class=\"elementor-wrapper elementor-open-inline\">\n\t\t\t<div class=\"elementor-video\"><\/div>\t\t<\/div>\n\t\t\t\t\t\t<\/div>\n\t\t\t\t<\/div>\n\t\t\t\t\t<\/div>\n\t\t<\/div>\n\t\t\t\t\t<\/div>\n\t\t<\/section>\n\t\t\t\t<section class=\"elementor-section elementor-top-section elementor-element elementor-element-1f176a61 elementor-section-boxed elementor-section-height-default elementor-section-height-default\" data-id=\"1f176a61\" data-element_type=\"section\">\n\t\t\t\t\t\t<div class=\"elementor-container elementor-column-gap-default\">\n\t\t\t\t\t<div class=\"elementor-column elementor-col-50 elementor-top-column elementor-element elementor-element-f23c7fe\" data-id=\"f23c7fe\" data-element_type=\"column\">\n\t\t\t<div class=\"elementor-widget-wrap elementor-element-populated\">\n\t\t\t\t\t\t<div class=\"elementor-element elementor-element-6e6a9807 elementor-widget elementor-widget-image\" data-id=\"6e6a9807\" data-element_type=\"widget\" data-widget_type=\"image.default\">\n\t\t\t\t<div class=\"elementor-widget-container\">\n\t\t\t\t\t\t\t\t\t\t\t\t\t\t\t\t<a href=\"http:\/\/www.cheminscompostelle-patrimoinemondial.fr\/fr\" target=\"_blank\">\n\t\t\t\t\t\t\t<img decoding=\"async\" data-attachment-id=\"567\" data-permalink=\"https:\/\/www.neuvysurleschemins.fr\/index.php\/2018\/01\/04\/concert-douverture-a-neuvy-saint-sepulchre-organise-par-le-festival-des-milliaires-et-lete-du-tertre\/informations\/\" data-orig-file=\"https:\/\/i0.wp.com\/www.neuvysurleschemins.fr\/wp-content\/uploads\/2017\/12\/Informations.png?fit=400%2C400&amp;ssl=1\" data-orig-size=\"400,400\" data-comments-opened=\"1\" data-image-meta=\"{&quot;aperture&quot;:&quot;0&quot;,&quot;credit&quot;:&quot;&quot;,&quot;camera&quot;:&quot;&quot;,&quot;caption&quot;:&quot;&quot;,&quot;created_timestamp&quot;:&quot;0&quot;,&quot;copyright&quot;:&quot;&quot;,&quot;focal_length&quot;:&quot;0&quot;,&quot;iso&quot;:&quot;0&quot;,&quot;shutter_speed&quot;:&quot;0&quot;,&quot;title&quot;:&quot;&quot;,&quot;orientation&quot;:&quot;0&quot;}\" data-image-title=\"Informations\" data-image-description=\"\" data-image-caption=\"\" data-medium-file=\"https:\/\/i0.wp.com\/www.neuvysurleschemins.fr\/wp-content\/uploads\/2017\/12\/Informations.png?fit=300%2C300&amp;ssl=1\" data-large-file=\"https:\/\/i0.wp.com\/www.neuvysurleschemins.fr\/wp-content\/uploads\/2017\/12\/Informations.png?fit=400%2C400&amp;ssl=1\" tabindex=\"0\" role=\"button\" width=\"150\" height=\"150\" src=\"https:\/\/i0.wp.com\/www.neuvysurleschemins.fr\/wp-content\/uploads\/2017\/12\/Informations.png?resize=150%2C150&amp;ssl=1\" class=\"attachment-thumbnail size-thumbnail wp-image-567\" alt=\"\" srcset=\"https:\/\/i0.wp.com\/www.neuvysurleschemins.fr\/wp-content\/uploads\/2017\/12\/Informations.png?w=400&amp;ssl=1 400w, https:\/\/i0.wp.com\/www.neuvysurleschemins.fr\/wp-content\/uploads\/2017\/12\/Informations.png?resize=150%2C150&amp;ssl=1 150w, https:\/\/i0.wp.com\/www.neuvysurleschemins.fr\/wp-content\/uploads\/2017\/12\/Informations.png?resize=300%2C300&amp;ssl=1 300w\" sizes=\"(max-width: 150px) 100vw, 150px\" data-attachment-id=\"567\" data-permalink=\"https:\/\/www.neuvysurleschemins.fr\/index.php\/2018\/01\/04\/concert-douverture-a-neuvy-saint-sepulchre-organise-par-le-festival-des-milliaires-et-lete-du-tertre\/informations\/\" data-orig-file=\"https:\/\/i0.wp.com\/www.neuvysurleschemins.fr\/wp-content\/uploads\/2017\/12\/Informations.png?fit=400%2C400&amp;ssl=1\" data-orig-size=\"400,400\" data-comments-opened=\"1\" data-image-meta=\"{&quot;aperture&quot;:&quot;0&quot;,&quot;credit&quot;:&quot;&quot;,&quot;camera&quot;:&quot;&quot;,&quot;caption&quot;:&quot;&quot;,&quot;created_timestamp&quot;:&quot;0&quot;,&quot;copyright&quot;:&quot;&quot;,&quot;focal_length&quot;:&quot;0&quot;,&quot;iso&quot;:&quot;0&quot;,&quot;shutter_speed&quot;:&quot;0&quot;,&quot;title&quot;:&quot;&quot;,&quot;orientation&quot;:&quot;0&quot;}\" data-image-title=\"Informations\" data-image-description=\"\" data-image-caption=\"\" data-medium-file=\"https:\/\/i0.wp.com\/www.neuvysurleschemins.fr\/wp-content\/uploads\/2017\/12\/Informations.png?fit=300%2C300&amp;ssl=1\" data-large-file=\"https:\/\/i0.wp.com\/www.neuvysurleschemins.fr\/wp-content\/uploads\/2017\/12\/Informations.png?fit=400%2C400&amp;ssl=1\" role=\"button\" \/>\t\t\t\t\t\t\t\t<\/a>\n\t\t\t\t\t\t\t\t\t\t\t\t\t\t\t<\/div>\n\t\t\t\t<\/div>\n\t\t\t\t<div class=\"elementor-element elementor-element-3ac99f56 elementor-widget elementor-widget-text-editor\" data-id=\"3ac99f56\" data-element_type=\"widget\" data-widget_type=\"text-editor.default\">\n\t\t\t\t<div class=\"elementor-widget-container\">\n\t\t\t\t\t\t\t\t\t<p>Plus d&rsquo;informations sur les Chemins de Compostelle en France, patrimoine mondial de l&rsquo;UNESCO<\/p>\t\t\t\t\t\t\t\t<\/div>\n\t\t\t\t<\/div>\n\t\t\t\t\t<\/div>\n\t\t<\/div>\n\t\t\t\t<div class=\"elementor-column elementor-col-50 elementor-top-column elementor-element elementor-element-2f9c1707\" data-id=\"2f9c1707\" data-element_type=\"column\">\n\t\t\t<div class=\"elementor-widget-wrap elementor-element-populated\">\n\t\t\t\t\t\t<div class=\"elementor-element elementor-element-4667a6a1 elementor-widget elementor-widget-image\" data-id=\"4667a6a1\" data-element_type=\"widget\" data-widget_type=\"image.default\">\n\t\t\t\t<div class=\"elementor-widget-container\">\n\t\t\t\t\t\t\t\t\t\t\t\t\t\t\t\t<a href=\"http:\/\/www.neuvysurleschemins.fr\/index.php\/autour-de-la-basilique-saint-etienne\/\" target=\"_blank\">\n\t\t\t\t\t\t\t<img decoding=\"async\" data-attachment-id=\"434\" data-permalink=\"https:\/\/www.neuvysurleschemins.fr\/villes\/\" data-orig-file=\"https:\/\/i0.wp.com\/www.neuvysurleschemins.fr\/wp-content\/uploads\/2017\/11\/Villes.png?fit=400%2C400&amp;ssl=1\" data-orig-size=\"400,400\" data-comments-opened=\"1\" data-image-meta=\"{&quot;aperture&quot;:&quot;0&quot;,&quot;credit&quot;:&quot;&quot;,&quot;camera&quot;:&quot;&quot;,&quot;caption&quot;:&quot;&quot;,&quot;created_timestamp&quot;:&quot;0&quot;,&quot;copyright&quot;:&quot;&quot;,&quot;focal_length&quot;:&quot;0&quot;,&quot;iso&quot;:&quot;0&quot;,&quot;shutter_speed&quot;:&quot;0&quot;,&quot;title&quot;:&quot;&quot;,&quot;orientation&quot;:&quot;0&quot;}\" data-image-title=\"Villes\" data-image-description=\"\" data-image-caption=\"\" data-medium-file=\"https:\/\/i0.wp.com\/www.neuvysurleschemins.fr\/wp-content\/uploads\/2017\/11\/Villes.png?fit=300%2C300&amp;ssl=1\" data-large-file=\"https:\/\/i0.wp.com\/www.neuvysurleschemins.fr\/wp-content\/uploads\/2017\/11\/Villes.png?fit=400%2C400&amp;ssl=1\" tabindex=\"0\" role=\"button\" width=\"150\" height=\"150\" src=\"https:\/\/i0.wp.com\/www.neuvysurleschemins.fr\/wp-content\/uploads\/2017\/11\/Villes.png?resize=150%2C150&amp;ssl=1\" class=\"attachment-thumbnail size-thumbnail wp-image-434\" alt=\"\" srcset=\"https:\/\/i0.wp.com\/www.neuvysurleschemins.fr\/wp-content\/uploads\/2017\/11\/Villes.png?w=400&amp;ssl=1 400w, https:\/\/i0.wp.com\/www.neuvysurleschemins.fr\/wp-content\/uploads\/2017\/11\/Villes.png?resize=150%2C150&amp;ssl=1 150w, https:\/\/i0.wp.com\/www.neuvysurleschemins.fr\/wp-content\/uploads\/2017\/11\/Villes.png?resize=300%2C300&amp;ssl=1 300w\" sizes=\"(max-width: 150px) 100vw, 150px\" data-attachment-id=\"434\" data-permalink=\"https:\/\/www.neuvysurleschemins.fr\/villes\/\" data-orig-file=\"https:\/\/i0.wp.com\/www.neuvysurleschemins.fr\/wp-content\/uploads\/2017\/11\/Villes.png?fit=400%2C400&amp;ssl=1\" data-orig-size=\"400,400\" data-comments-opened=\"1\" data-image-meta=\"{&quot;aperture&quot;:&quot;0&quot;,&quot;credit&quot;:&quot;&quot;,&quot;camera&quot;:&quot;&quot;,&quot;caption&quot;:&quot;&quot;,&quot;created_timestamp&quot;:&quot;0&quot;,&quot;copyright&quot;:&quot;&quot;,&quot;focal_length&quot;:&quot;0&quot;,&quot;iso&quot;:&quot;0&quot;,&quot;shutter_speed&quot;:&quot;0&quot;,&quot;title&quot;:&quot;&quot;,&quot;orientation&quot;:&quot;0&quot;}\" data-image-title=\"Villes\" data-image-description=\"\" data-image-caption=\"\" data-medium-file=\"https:\/\/i0.wp.com\/www.neuvysurleschemins.fr\/wp-content\/uploads\/2017\/11\/Villes.png?fit=300%2C300&amp;ssl=1\" data-large-file=\"https:\/\/i0.wp.com\/www.neuvysurleschemins.fr\/wp-content\/uploads\/2017\/11\/Villes.png?fit=400%2C400&amp;ssl=1\" role=\"button\" \/>\t\t\t\t\t\t\t\t<\/a>\n\t\t\t\t\t\t\t\t\t\t\t\t\t\t\t<\/div>\n\t\t\t\t<\/div>\n\t\t\t\t<div class=\"elementor-element elementor-element-73b9e608 elementor-widget elementor-widget-text-editor\" data-id=\"73b9e608\" data-element_type=\"widget\" data-widget_type=\"text-editor.default\">\n\t\t\t\t<div class=\"elementor-widget-container\">\n\t\t\t\t\t\t\t\t\t<p>Plus d&rsquo;informations sur la basilique Saint Etienne de Neuvy Saint S\u00e9pulchre<\/p>\t\t\t\t\t\t\t\t<\/div>\n\t\t\t\t<\/div>\n\t\t\t\t\t<\/div>\n\t\t<\/div>\n\t\t\t\t\t<\/div>\n\t\t<\/section>\n\t\t\t\t<\/div>\n\t\t","protected":false},"excerpt":{"rendered":"<p>Une r\u00e9plique du Saint S\u00e9pulcre de J\u00e9rusalem, inscrite au patrimoine de l&rsquo;UNESCO, au coeur du Berry : pour qui, pour quoi ? Interview de l&rsquo;Archev\u00eaque du Berry, J\u00e9r\u00f4me Beau, r\u00e9alis\u00e9e par le Club UNESCO du coll\u00e8ge Vincent Rotinat de Neuvy.<\/p>\n","protected":false},"author":1,"featured_media":1981,"comment_status":"open","ping_status":"open","sticky":false,"template":"elementor_header_footer","format":"standard","meta":{"jetpack_post_was_ever_published":false,"_jetpack_newsletter_access":"","_jetpack_dont_email_post_to_subs":false,"_jetpack_newsletter_tier_id":0,"_jetpack_memberships_contains_paywalled_content":false,"footnotes":"","_jetpack_memberships_contains_paid_content":false,"jetpack_publicize_message":"","jetpack_publicize_feature_enabled":true,"jetpack_social_post_already_shared":false,"jetpack_social_options":{"image_generator_settings":{"template":"highway","enabled":false},"version":2}},"categories":[34,46,47],"tags":[],"jetpack_publicize_connections":[],"jetpack_featured_media_url":"https:\/\/i0.wp.com\/www.neuvysurleschemins.fr\/wp-content\/uploads\/2020\/01\/Le-mont-saint-michel_-patrimoine-mondial-patrimoine-pour-tous-2.png?fit=1920%2C1080&ssl=1","jetpack_sharing_enabled":true,"jetpack_shortlink":"https:\/\/wp.me\/p9e7pe-vU","jetpack_likes_enabled":true,"jetpack-related-posts":[],"_links":{"self":[{"href":"https:\/\/www.neuvysurleschemins.fr\/index.php\/wp-json\/wp\/v2\/posts\/1978"}],"collection":[{"href":"https:\/\/www.neuvysurleschemins.fr\/index.php\/wp-json\/wp\/v2\/posts"}],"about":[{"href":"https:\/\/www.neuvysurleschemins.fr\/index.php\/wp-json\/wp\/v2\/types\/post"}],"author":[{"embeddable":true,"href":"https:\/\/www.neuvysurleschemins.fr\/index.php\/wp-json\/wp\/v2\/users\/1"}],"replies":[{"embeddable":true,"href":"https:\/\/www.neuvysurleschemins.fr\/index.php\/wp-json\/wp\/v2\/comments?post=1978"}],"version-history":[{"count":0,"href":"https:\/\/www.neuvysurleschemins.fr\/index.php\/wp-json\/wp\/v2\/posts\/1978\/revisions"}],"wp:featuredmedia":[{"embeddable":true,"href":"https:\/\/www.neuvysurleschemins.fr\/index.php\/wp-json\/wp\/v2\/media\/1981"}],"wp:attachment":[{"href":"https:\/\/www.neuvysurleschemins.fr\/index.php\/wp-json\/wp\/v2\/media?parent=1978"}],"wp:term":[{"taxonomy":"category","embeddable":true,"href":"https:\/\/www.neuvysurleschemins.fr\/index.php\/wp-json\/wp\/v2\/categories?post=1978"},{"taxonomy":"post_tag","embeddable":true,"href":"https:\/\/www.neuvysurleschemins.fr\/index.php\/wp-json\/wp\/v2\/tags?post=1978"}],"curies":[{"name":"wp","href":"https:\/\/api.w.org\/{rel}","templated":true}]}}